{"id":13707,"date":"2026-04-30T09:51:24","date_gmt":"2026-04-30T13:51:24","guid":{"rendered":"https:\/\/cpcx.ufms.br\/?p=13707"},"modified":"2026-04-30T09:52:17","modified_gmt":"2026-04-30T13:52:17","slug":"semana-de-desenvolvimento-profissional-tera-atividades-no-cpcx","status":"publish","type":"post","link":"https:\/\/cpcx.ufms.br\/en\/semana-de-desenvolvimento-profissional-tera-atividades-no-cpcx\/","title":{"rendered":"(Portugu\u00eas do Brasil) Semana de Desenvolvimento Profissional ter\u00e1 atividades no CPCX"},"content":{"rendered":"Semana de Desenvolvimento Profissional ter\u00e1 atividades no CPCX<\/p>\n<p>Entre os dias 4 e 8 de maio, a Universidade Federal de Mato Grosso do Sul realiza a Semana de Desenvolvimento Profissional (Sedep) 2026, com uma programa\u00e7\u00e3o ampla que inclui mais de 170 atividades gratuitas em diferentes formatos, distribu\u00eddas entre todos os c\u00e2mpus da institui\u00e7\u00e3o, incluindo o C\u00e2mpus de Coxim (CPCX).<\/p>\n<p>Com o tema \u201cEcossistema de inova\u00e7\u00e3o: o trabalho interdisciplinar na resolu\u00e7\u00e3o de desafios\u201d, o evento tem como objetivo aproximar estudantes e egressos do mercado de trabalho, al\u00e9m de estimular a integra\u00e7\u00e3o com empresas e institui\u00e7\u00f5es.<\/p>\n<p>No CPCX, a programa\u00e7\u00e3o integra o conjunto de atividades propostas pela UFMS, oferecendo oportunidades para que os estudantes ampliem sua forma\u00e7\u00e3o para al\u00e9m da sala de aula, por meio de palestras, oficinas, minicursos e momentos de troca de experi\u00eancias.<\/p>\n<p>De acordo com o pr\u00f3-reitor de Assuntos Estudantis, Edilson Zafalon, a Sedep j\u00e1 se consolidou como um dos principais eventos institucionais voltados ao desenvolvimento profissional. Segundo ele, \u201co evento permite que os estudantes compreendam melhor a din\u00e2mica do mercado e reduz a dist\u00e2ncia entre a forma\u00e7\u00e3o acad\u00eamica e a pr\u00e1tica profissional\u201d.<\/p>\n<p>Durante a semana, ser\u00e3o abordados temas atuais e relevantes, como inova\u00e7\u00e3o, intelig\u00eancia artificial, empreendedorismo, sa\u00fade mental no trabalho e educa\u00e7\u00e3o financeira, al\u00e9m de conte\u00fados espec\u00edficos voltados a diferentes \u00e1reas do conhecimento.<\/p>\n<p>Participa\u00e7\u00e3o do CPCX<\/p>\n<p>A participa\u00e7\u00e3o do C\u00e2mpus de Coxim refor\u00e7a o compromisso com a forma\u00e7\u00e3o integral dos estudantes, incentivando o desenvolvimento de compet\u00eancias t\u00e9cnicas e comportamentais, fundamentais para a atua\u00e7\u00e3o profissional.<\/p>\n<p>Al\u00e9m do conte\u00fado das atividades, o evento tamb\u00e9m se destaca como espa\u00e7o para networking e constru\u00e7\u00e3o de conex\u00f5es, ampliando as possibilidades de inser\u00e7\u00e3o no mercado de trabalho.<\/p>\n<p>A programa\u00e7\u00e3o completa e mais informa\u00e7\u00f5es podem ser acessadas na p\u00e1gina oficial do evento.<\/p>\n<p>Texto adaptado de Ariane Comineti.","protected":false},"excerpt":{"rendered":"<p>Semana de Desenvolvimento Profissional ter\u00e1 atividades no CPCX Entre os dias 4 e 8 de maio, a Universidade Federal de Mato Grosso do Sul realiza a Semana de Desenvolvimento Profissional (Sedep) 2026, com uma programa\u00e7\u00e3o ampla que inclui mais de 170 atividades gratuitas em diferentes formatos, distribu\u00eddas entre todos os c\u00e2mpus da institui\u00e7\u00e3o, incluindo o [&hellip;]<\/p>\n","protected":false},"author":73247,"featured_media":13708,"comment_status":"closed","ping_status":"open","sticky":false,"template":"","format":"standard","meta":{"_eb_attr":"","ngg_post_thumbnail":0,"footnotes":""},"categories":[4,1],"tags":[],"coauthors":[116],"class_list":["post-13707","post","type-post","status-publish","format-standard","has-post-thumbnail","hentry","category-destaques","category-noticias"],"gutentor_comment":0,"_links":{"self":[{"href":"https:\/\/cpcx.ufms.br\/en\/wp-json\/wp\/v2\/posts\/13707","targetHints":{"allow":["GET"]}}],"collection":[{"href":"https:\/\/cpcx.ufms.br\/en\/wp-json\/wp\/v2\/posts"}],"about":[{"href":"https:\/\/cpcx.ufms.br\/en\/wp-json\/wp\/v2\/types\/post"}],"author":[{"embeddable":true,"href":"https:\/\/cpcx.ufms.br\/en\/wp-json\/wp\/v2\/users\/73247"}],"replies":[{"embeddable":true,"href":"https:\/\/cpcx.ufms.br\/en\/wp-json\/wp\/v2\/comments?post=13707"}],"version-history":[{"count":1,"href":"https:\/\/cpcx.ufms.br\/en\/wp-json\/wp\/v2\/posts\/13707\/revisions"}],"predecessor-version":[{"id":13709,"href":"https:\/\/cpcx.ufms.br\/en\/wp-json\/wp\/v2\/posts\/13707\/revisions\/13709"}],"wp:featuredmedia":[{"embeddable":true,"href":"https:\/\/cpcx.ufms.br\/en\/wp-json\/wp\/v2\/media\/13708"}],"wp:attachment":[{"href":"https:\/\/cpcx.ufms.br\/en\/wp-json\/wp\/v2\/media?parent=13707"}],"wp:term":[{"taxonomy":"category","embeddable":true,"href":"https:\/\/cpcx.ufms.br\/en\/wp-json\/wp\/v2\/categories?post=13707"},{"taxonomy":"post_tag","embeddable":true,"href":"https:\/\/cpcx.ufms.br\/en\/wp-json\/wp\/v2\/tags?post=13707"},{"taxonomy":"author","embeddable":true,"href":"https:\/\/cpcx.ufms.br\/en\/wp-json\/wp\/v2\/coauthors?post=13707"}],"curies":[{"name":"wp","href":"https:\/\/api.w.org\/{rel}","templated":true}]}}