{"id":9944,"date":"2024-02-19T07:46:54","date_gmt":"2024-02-19T11:46:54","guid":{"rendered":"https:\/\/cpcx.ufms.br\/?p=9944"},"modified":"2024-02-19T07:49:06","modified_gmt":"2024-02-19T11:49:06","slug":"emocao-marca-cerimonia-de-colacao-de-grau-de-tres-cursos-do-campus-de-coxim","status":"publish","type":"post","link":"https:\/\/cpcx.ufms.br\/en\/emocao-marca-cerimonia-de-colacao-de-grau-de-tres-cursos-do-campus-de-coxim\/","title":{"rendered":"Emo\u00e7\u00e3o marca cerim\u00f4nia de cola\u00e7\u00e3o de grau de tr\u00eas cursos do C\u00e2mpus de Coxim"},"content":{"rendered":"<p>Na noite desta sexta-feira, 16, o C\u00e2mpus de Coxim realizou a cola\u00e7\u00e3o de grau dos cursos de Enfermagem, Letras e Sistemas de Informa\u00e7\u00e3o. A solenidade marcou o encerramento da gradua\u00e7\u00e3o de 34 estudantes que celebraram a conquista ao lado de familiares e amigos. A cerim\u00f4nia foi transmitida ao vivo pelo Canal da\u00a0<a href=\"https:\/\/www.youtube.com\/watch?v=Jrb1i9RWDhA\" target=\"_blank\" rel=\"noopener\">TV UFMS<\/a>.<\/p>\n<p>A vice-reitora Camila \u00cdtavo enfatizou a import\u00e2ncia da realiza\u00e7\u00e3o de sonhos. \u201cPrimeiro quero agradecer a toda a gest\u00e3o, professores, servidores e t\u00e9cnicos do CPCX. N\u00f3s temos dois momentos importantes, o primeiro \u00e9 quando recebemos voc\u00eas e depois quando entregamos a sociedade profissionais qualificados que estudaram em uma das melhores Universidades p\u00fablicas deste pa\u00eds. N\u00e3o se esque\u00e7am de celebrar, celebrem cada etapa. Agrade\u00e7am principalmente as pessoas que caminharam junto com voc\u00eas nesta jornada e honrem a vida, a trajet\u00f3ria e o diploma que est\u00e3o recebendo hoje. Lembrem-se que a luz do outro n\u00e3o me ofusca,\u00a0 sejam muito felizes. Voc\u00eas s\u00e3o a raz\u00e3o de n\u00f3s existirmos\u201d.<\/p>\n<p>O pr\u00f3-reitor de Administra\u00e7\u00e3o e Infraestrutura, Augusto C\u00e9sar Malheiros, parabenizou os formandos. \u201cHoje estamos celebrando esse momento importante na vida de cada um de voc\u00eas. Docentes, servidores, terceirizados e t\u00e9cnicos do CPCX contribu\u00edram para que esse momento pudesse acontecer. Foi um per\u00edodo \u00e1rduo, passamos pela pandemia e hoje estamos aqui comemorando com voc\u00eas essa conquista, esse momento \u00e9 m\u00e1gico e vai ficar gravado na vida de cada um. Parab\u00e9ns a todos e gratid\u00e3o por terem escolhido a UFMS. Somos UFMS, para sempre UFMS\u201d.<\/p>\n<p>A diretora da Ag\u00eancia de Comunica\u00e7\u00e3o Social e Cient\u00edfica, professora Rose Pinheiro, enalteceu a qualidade dos novos profissionais. \u201cPara n\u00f3s \u00e9 uma alegria compartilhar essa conquista com cada um. Voc\u00eas passaram por muitos percal\u00e7os, desafios, e cada um tem sua hist\u00f3ria de supera\u00e7\u00e3o, de lutas e determina\u00e7\u00e3o. Hoje estamos aqui celebrando a conquista de voc\u00eas. Sigam sonhando e impactando a vida das pessoas assim como foram impactados aqui. Levem o conhecimento que adquiriram aqui com muito amor e alegria e lembrem-se de que voc\u00eas est\u00e3o se formando em uma Universidade de excel\u00eancia que ir\u00e1 abrir o mundo de oportunidades para voc\u00eas. A UFMS sempre vai fazer parte na vida de voc\u00eas. Parab\u00e9ns e muito sucesso\u201d.<\/p>\n<p>A diretora do CPCX, professora Silvana Aparecida de Silva Zanchett, parabenizou todos os formandos. \u201cEstamos vivendo um momento de muita emo\u00e7\u00e3o. Hoje s\u00f3 temos a agradecer a cada um por terem escolhido nossa UFMS. Foram tantos\u00a0 momentos especiais e aprendizados, voc\u00eas deixaram suas marcas e hoje todos n\u00f3s estamos colhendo os frutos junto com voc\u00eas. A conquista de voc\u00eas tamb\u00e9m \u00e9 nossa conquista. O CPCX estar\u00e1 sempre de portas abertas para voc\u00eas. Onde voc\u00eas estiveram ser\u00e3o UFMS\u201d.<\/p>\n<p>O professor Jo\u00e3o Paulo Assun\u00e7\u00e3o Borges, paraninfo do curso de Enfermagem, discursou em nome dos professores homenageados da cerim\u00f4nia. \u201c\u00c9 com muito orgulho que estou aqui representando os docentes. Durante a jornada de voc\u00eas, muitas vezes, somos conselheiros, mentores. Mostramos os caminhos que podem ser percorridos, mas cada um vai escolher qual caminho seguir. Para serem profissionais genu\u00ednos pautem o seu trabalho nos tr\u00eas C\u2019s: compet\u00eancia, compromisso e compaix\u00e3o. Tenho certeza que ser\u00e3o grandes profissionais seguindo esses preceitos. E lembrem-se que \u00e9 mais importante iluminar do que brilhar. Desejo, em nome de todos, que voc\u00eas tenham muito sucesso e que seus sonhos se realizem. A nossa Universidade \u00e9 um mundo de transforma\u00e7\u00e3o, n\u00e3o se esque\u00e7am jamais da nossa institui\u00e7\u00e3o. Uma vez UFMS, sempre UFMS. \u201d<\/p>\n<p>A licenciada Joselaine de Souza Oliveira discursou em nome dos 34 formandos.\u00a0\u201cHoje estamos reunidos para celebrar um momento muito especial\u00a0<a href=\"https:\/\/www.ufms.br\/wp-content\/uploads\/2024\/02\/Captura-de-tela-2024-02-16-213049.png\"><img decoding=\"async\" class=\"wp-image-98616 alignright\" src=\"https:\/\/www.ufms.br\/wp-content\/uploads\/2024\/02\/Captura-de-tela-2024-02-16-213049-e1708168325461-300x202.png\" alt=\"\" width=\"254\" height=\"171\" \/><\/a>em nossas vidas, esse \u00e9 um marco que representa o fim de uma jornada, mas o come\u00e7o de uma nova trajet\u00f3ria. Cada experi\u00eancia nos moldou e nos preparou para este dia. Reconhecemos o apoio que tivemos dos nossos pais, amigos e principalmente dos nossos dedicados professores e mentores que nos guiaram com sabedoria e nos inspiraram para alcan\u00e7armos nosso m\u00e1ximo potencial. Parab\u00e9ns a todos n\u00f3s, que possamos seguir adiante e deixar nossa marca no mundo\u201d.<\/p>\n<p>As cola\u00e7\u00f5es de grau continuam nos pr\u00f3ximos dias. No dia 20, ser\u00e1 a vez do C\u00e2mpus de Parana\u00edba. Nos dias 27 e 28 ser\u00e1 realizada a celebra\u00e7\u00e3o dos formandos do C\u00e2mpus do Pantanal e encerrando as solenidades, nos dias 29 de fevereiro e 1* de mar\u00e7o, a comemora\u00e7\u00e3o \u00e9 dos estudantes do C\u00e2mpus de Aquidauana.<\/p>\n<p>&nbsp;<\/p>\n<p><em>Texto: L\u00facia Santos<\/em><\/p>\n<p><em>Fotos: Reprodu\u00e7\u00e3o TV UFMS e Josiel Silva<\/em><\/p>\n<p><a href=\"https:\/\/www.ufms.br\/wp-content\/uploads\/2024\/02\/Captura-de-tela-2024-02-16-192406.png\"><img decoding=\"async\" class=\"alignnone size-medium wp-image-98611\" src=\"https:\/\/www.ufms.br\/wp-content\/uploads\/2024\/02\/Captura-de-tela-2024-02-16-192406-300x160.png\" alt=\"\" width=\"300\" height=\"160\" \/><\/a>\u00a0\u00a0<a href=\"https:\/\/www.ufms.br\/wp-content\/uploads\/2024\/02\/Captura-de-tela-2024-02-16-191811.png\"><img decoding=\"async\" class=\"alignnone size-medium wp-image-98609\" src=\"https:\/\/www.ufms.br\/wp-content\/uploads\/2024\/02\/Captura-de-tela-2024-02-16-191811-300x160.png\" alt=\"\" width=\"300\" height=\"160\" \/><\/a>\u00a0<a href=\"https:\/\/www.ufms.br\/wp-content\/uploads\/2024\/02\/Captura-de-tela-2024-02-16-191723.png\"><img loading=\"lazy\" decoding=\"async\" class=\"alignnone size-medium wp-image-98608\" src=\"https:\/\/www.ufms.br\/wp-content\/uploads\/2024\/02\/Captura-de-tela-2024-02-16-191723-300x161.png\" alt=\"\" width=\"300\" height=\"161\" \/><\/a>\u00a0\u00a0\u00a0<a href=\"https:\/\/www.ufms.br\/wp-content\/uploads\/2024\/02\/Captura-de-tela-2024-02-16-191409.png\"><img loading=\"lazy\" decoding=\"async\" class=\"alignnone size-medium wp-image-98605\" src=\"https:\/\/www.ufms.br\/wp-content\/uploads\/2024\/02\/Captura-de-tela-2024-02-16-191409-300x160.png\" alt=\"\" width=\"300\" height=\"160\" \/><\/a>\u00a0\u00a0<a href=\"https:\/\/www.ufms.br\/wp-content\/uploads\/2024\/02\/Captura-de-tela-2024-02-16-190951.png\"><img loading=\"lazy\" decoding=\"async\" class=\"alignnone size-medium wp-image-98603\" src=\"https:\/\/www.ufms.br\/wp-content\/uploads\/2024\/02\/Captura-de-tela-2024-02-16-190951-300x159.png\" alt=\"\" width=\"300\" height=\"159\" \/><\/a>\u00a0<a href=\"https:\/\/www.ufms.br\/wp-content\/uploads\/2024\/02\/Captura-de-tela-2024-02-16-190425.png\"><img loading=\"lazy\" decoding=\"async\" class=\"alignnone wp-image-98602\" src=\"https:\/\/www.ufms.br\/wp-content\/uploads\/2024\/02\/Captura-de-tela-2024-02-16-190425-300x167.png\" alt=\"\" width=\"300\" height=\"167\" \/><\/a>\u00a0\u00a0\u00a0\u00a0<a href=\"https:\/\/www.ufms.br\/wp-content\/uploads\/2024\/02\/Captura-de-tela-2024-02-16-191907.png\"><img loading=\"lazy\" decoding=\"async\" class=\"alignnone size-medium wp-image-98610\" src=\"https:\/\/www.ufms.br\/wp-content\/uploads\/2024\/02\/Captura-de-tela-2024-02-16-191907-300x160.png\" alt=\"\" width=\"300\" height=\"160\" \/><\/a>\u00a0<a href=\"https:\/\/www.ufms.br\/wp-content\/uploads\/2024\/02\/WhatsApp-Image-2024-02-16-at-18.58.57-1.jpeg\"><img loading=\"lazy\" decoding=\"async\" class=\"alignnone wp-image-98600\" src=\"https:\/\/www.ufms.br\/wp-content\/uploads\/2024\/02\/WhatsApp-Image-2024-02-16-at-18.58.57-1-300x225.jpeg\" alt=\"\" width=\"299\" height=\"224\" \/><\/a><\/p>\n","protected":false},"excerpt":{"rendered":"<p>Na noite desta sexta-feira, 16, o C\u00e2mpus de Coxim realizou a cola\u00e7\u00e3o de grau dos cursos de Enfermagem, Letras e Sistemas de Informa\u00e7\u00e3o. A solenidade marcou o encerramento da gradua\u00e7\u00e3o de 34 estudantes que celebraram a conquista ao lado de familiares e amigos. A cerim\u00f4nia foi transmitida ao vivo pelo Canal da\u00a0TV UFMS. A vice-reitora [&hellip;]<\/p>\n","protected":false},"author":55297,"featured_media":9945,"comment_status":"closed","ping_status":"open","sticky":false,"template":"","format":"standard","meta":{"_eb_attr":"","ngg_post_thumbnail":0,"footnotes":""},"categories":[4,1],"tags":[],"coauthors":[],"class_list":["post-9944","post","type-post","status-publish","format-standard","has-post-thumbnail","hentry","category-destaques","category-noticias"],"gutentor_comment":0,"_links":{"self":[{"href":"https:\/\/cpcx.ufms.br\/en\/wp-json\/wp\/v2\/posts\/9944","targetHints":{"allow":["GET"]}}],"collection":[{"href":"https:\/\/cpcx.ufms.br\/en\/wp-json\/wp\/v2\/posts"}],"about":[{"href":"https:\/\/cpcx.ufms.br\/en\/wp-json\/wp\/v2\/types\/post"}],"author":[{"embeddable":true,"href":"https:\/\/cpcx.ufms.br\/en\/wp-json\/wp\/v2\/users\/55297"}],"replies":[{"embeddable":true,"href":"https:\/\/cpcx.ufms.br\/en\/wp-json\/wp\/v2\/comments?post=9944"}],"version-history":[{"count":3,"href":"https:\/\/cpcx.ufms.br\/en\/wp-json\/wp\/v2\/posts\/9944\/revisions"}],"predecessor-version":[{"id":9948,"href":"https:\/\/cpcx.ufms.br\/en\/wp-json\/wp\/v2\/posts\/9944\/revisions\/9948"}],"wp:featuredmedia":[{"embeddable":true,"href":"https:\/\/cpcx.ufms.br\/en\/wp-json\/wp\/v2\/media\/9945"}],"wp:attachment":[{"href":"https:\/\/cpcx.ufms.br\/en\/wp-json\/wp\/v2\/media?parent=9944"}],"wp:term":[{"taxonomy":"category","embeddable":true,"href":"https:\/\/cpcx.ufms.br\/en\/wp-json\/wp\/v2\/categories?post=9944"},{"taxonomy":"post_tag","embeddable":true,"href":"https:\/\/cpcx.ufms.br\/en\/wp-json\/wp\/v2\/tags?post=9944"},{"taxonomy":"author","embeddable":true,"href":"https:\/\/cpcx.ufms.br\/en\/wp-json\/wp\/v2\/coauthors?post=9944"}],"curies":[{"name":"wp","href":"https:\/\/api.w.org\/{rel}","templated":true}]}}